{"id":1073,"date":"2014-10-29T14:26:00","date_gmt":"2014-10-29T13:26:00","guid":{"rendered":"http:\/\/www.holmon.info\/?p=1073"},"modified":"2014-10-29T14:26:00","modified_gmt":"2014-10-29T13:26:00","slug":"vindkraftpark-froskog-i-amals-kommun-en-fallstudie","status":"publish","type":"post","link":"https:\/\/holmon.info\/?p=1073","title":{"rendered":"Vindkraftpark Fr\u00f6skog i \u00c5m\u00e5ls kommun &#8211; en fallstudie"},"content":{"rendered":"<p><strong>I ett tidigare inl\u00e4gg j\u00e4mf\u00f6rde vi vindkraftsparken i <a href=\"https:\/\/www.holmon.info\/?p=858\/#Glotesvalen\">Gl\u00f6tesv\u00e5len<\/a> med projektet p\u00e5 Holm\u00f6arna eftersom det finns stora likheter mellan dem. Gl\u00f6tesvalen omfattar 30 vindkraftverk och ligger inom ett l\u00e5gfj\u00e4llsomr\u00e5de och \u00e4r klassat som riksintresse b\u00e5de f\u00f6r renn\u00e4ring och vindbruk.<br \/>\nMen det finns ocks\u00e5 anledning att g\u00f6ra j\u00e4mf\u00f6relser med andra projekt. Ett s\u00e5dant \u00e4r Fr\u00f6skog d\u00e4r ett avg\u00f6rande i Mark- och milj\u00f6\u00f6verdomstolen (M\u00d6D) just fattats. Projektet liknar Holm\u00f6arna av en s\u00e4rskild orsak &#8211; n\u00e4mligen att bekanta riksmotst\u00e5ndare mot vindkraft agerar p\u00e5 b\u00e5da platserna och med samma argument.<\/strong><br \/>\n<a href=\"wp\/wp-content\/uploads\/2014\/10\/Froskog-vindpark-karta.png\"><img loading=\"lazy\" decoding=\"async\" src=\"wp\/wp-content\/uploads\/2014\/10\/Froskog-vindpark-karta-300x212.png\" alt=\"Froskog-vindpark-karta\" width=\"300\" height=\"212\" class=\"alignnone size-medium wp-image-1076\" \/><\/a><br \/>\nI Fr\u00f6skog finns nu tillst\u00e5nd att bygga 6 st verk med en totalh\u00f6jd av 195 meter enligt L\u00e4nsstyrelsens i V\u00e4stra G\u00f6taland beslut med dnr 551-18164-2011. Dvs verk som \u00e4r h\u00f6gre \u00e4n Turning Torso i Malm\u00f6 som m\u00e4ter blott 190 meter, se bild nr 4 fr\u00e5n Malm\u00f6.<br \/>\n<a href=\"wp\/wp-content\/uploads\/2014\/08\/20140828-VV-Vassmolosa-4b.jpg\"><img loading=\"lazy\" decoding=\"async\" src=\"wp\/wp-content\/uploads\/2014\/08\/20140828-VV-Vassmolosa-4b-300x112.jpg\" alt=\"20140828-VV-Vassmolosa-4b\" width=\"300\" height=\"112\" class=\"alignnone size-medium wp-image-650\" srcset=\"https:\/\/holmon.info\/wp\/wp-content\/uploads\/2014\/08\/20140828-VV-Vassmolosa-4b-300x112.jpg 300w, https:\/\/holmon.info\/wp\/wp-content\/uploads\/2014\/08\/20140828-VV-Vassmolosa-4b-1024x383.jpg 1024w, https:\/\/holmon.info\/wp\/wp-content\/uploads\/2014\/08\/20140828-VV-Vassmolosa-4b-768x287.jpg 768w, https:\/\/holmon.info\/wp\/wp-content\/uploads\/2014\/08\/20140828-VV-Vassmolosa-4b-1536x574.jpg 1536w, https:\/\/holmon.info\/wp\/wp-content\/uploads\/2014\/08\/20140828-VV-Vassmolosa-4b-2048x766.jpg 2048w\" sizes=\"auto, (max-width: 300px) 100vw, 300px\" \/><\/a><br \/>\n<strong>1. Tillst\u00e5nd<\/strong><br \/>\nEn ans\u00f6kan om att uppf\u00f6ra 6 st verk l\u00e4mnades in till L\u00e4nsstyrelsen i V\u00e4sterg\u00f6tlands l\u00e4n d\u00e4r Milj\u00f6pr\u00f6vningsdelegationen (MPD) gav tillst\u00e5nd efter att ha bed\u00f6mt en m\u00e4ngd inkomna synpunkter, mycket ofta identiska med de som anv\u00e4nds i debatten om projektet p\u00e5 Holm\u00f6arna:<br \/>\n&#8211; Samr\u00e5d inte korrekt genomf\u00f6rt<br \/>\n&#8211; V\u00e4lbefinnande<br \/>\n&#8211; Levnadsmilj\u00f6<br \/>\n&#8211; Turning Torso<br \/>\n&#8211; Fastighetsv\u00e4rde<br \/>\n&#8211; Turism<br \/>\n&#8211; Resurssl\u00f6seri att bygga mer vindkraft<br \/>\n&#8211; Annan ny teknik ist\u00e4llet f\u00f6r vindkraft<br \/>\n&#8211; Onyttan med vindkraft<br \/>\n&#8211; CO2-utsl\u00e4pp<br \/>\n&#8211; Meningsl\u00f6s satsning p\u00e5 vindkraft<br \/>\n&#8211; Landskapsbild<br \/>\n&#8211; Rekreation, friluftsliv och naturv\u00e5rd<br \/>\n&#8211; Maskindirektivet<br \/>\n&#8211; Inh\u00e4ngnad<br \/>\n&#8211; F\u00e5glar<br \/>\n&#8211; Buller och ljus\/skuggbildning<br \/>\n&#8211; L\u00e5gfrekvent buller<br \/>\n&#8211; Vittnesm\u00e5l<br \/>\n&#8211; Hindersbelysning<br \/>\n&#8211; Vansinnessatsning p\u00e5 vindkraft<br \/>\n&#8211; Kulturmilj\u00f6<br \/>\n&#8211; Bisfenol A<br \/>\n&#8211; Radioaktiva tungmetaller<br \/>\n&#8211; \u00c5terst\u00e4llningskostnader<br \/>\n&#8211; Namninsamling med 300 namn (!)<br \/>\nOm Bisfenol A som \u00e4r en omdiskuterad fr\u00e5ga i Holm\u00f6projektet konstaterar MPD:<br \/>\n<a href=\"wp\/wp-content\/uploads\/2014\/10\/20131003-Froskog-Lst-om-Bisfenol.png\"><img loading=\"lazy\" decoding=\"async\" src=\"wp\/wp-content\/uploads\/2014\/10\/20131003-Froskog-Lst-om-Bisfenol-300x109.png\" alt=\"20131003-Froskog-Lst-om-Bisfenol\" width=\"300\" height=\"109\" class=\"alignnone size-medium wp-image-1119\" srcset=\"https:\/\/holmon.info\/wp\/wp-content\/uploads\/2014\/10\/20131003-Froskog-Lst-om-Bisfenol-300x109.png 300w, https:\/\/holmon.info\/wp\/wp-content\/uploads\/2014\/10\/20131003-Froskog-Lst-om-Bisfenol-768x280.png 768w, https:\/\/holmon.info\/wp\/wp-content\/uploads\/2014\/10\/20131003-Froskog-Lst-om-Bisfenol.png 853w\" sizes=\"auto, (max-width: 300px) 100vw, 300px\" \/><\/a><br \/>\nSammanfattande bed\u00f6mning:<br \/>\n<em>Milj\u00f6pr\u00f6vningsdelegationen anser sammanfattningsvis att verksamheten omfattande sex vindkraftverk, om f\u00f6reskrivna villkor iakttas, g\u00e5r att f\u00f6rena med m\u00e5len f\u00f6r milj\u00f6balken och de allm\u00e4nna h\u00e4nsynsreglerna samt med en fr\u00e5n allm\u00e4n synpunkt l\u00e4mplig anv\u00e4ndning av mark- och vattenresurserna. <font color=\"red\">Vad som anf\u00f6rts i \u00e4rendet i \u00f6vrigt f\u00f6r\u00e4ndrar inte denna bed\u00f6mning.<\/font> Tillst\u00e5nd skall d\u00e4rf\u00f6r l\u00e4mnas f\u00f6r verksamheten.<\/em><br \/>\n<a href=\"wp\/wp-content\/uploads\/2014\/10\/20131003-Froskog-tillstandsbeslut-Miljoprovningsdelegationen.pdf\">20131003-Froskog-tillstandsbeslut-Miljoprovningsdelegationen<\/a><br \/>\n<strong>2. \u00d6verklagan till Mark- och milj\u00f6domstolen<\/strong><br \/>\nBeslutet \u00f6verklagades till Mark- och milj\u00f6domstolen (MOD). Samma synpunkter som vid tillst\u00e5ndspr\u00f6vningen \u00e5terkom i \u00f6verklagan:<br \/>\n<a href=\"wp\/wp-content\/uploads\/2014\/10\/20131103-Froskog-overklagan-Mark-och-Miljodomstolen.pdf\">20131103-Froskog-overklagan-Mark-och-Miljodomstolen<\/a><br \/>\n<strong>3. Beslut i Mark- och milj\u00f6domstolen<\/strong><br \/>\nMOD fattar nu ett kontroversiellt beslut om att inf\u00f6ra ett minsta avst\u00e5nd mellan vindkraftverk och bostadshus.<br \/>\nDomslut:<br \/>\n<em>Mark- och milj\u00f6domstolen g\u00f6r endast de \u00e4ndringarna i det \u00f6verklagade beslutet att<br \/>\nvillkor 7 ska ha f\u00f6ljande lydelse.<br \/>\n7. Vindkraftverk f\u00e5r inte placeras n\u00e4rmare n\u00e5got av de vid detta tillst\u00e5nds meddelande befintliga bostadshus \u00e4n 1 000 meter.<\/em><br \/>\nBeslutet inneb\u00e4r att 82% av det planerade vindbruksomr\u00e5det inte l\u00e4ngre kan anv\u00e4ndas.<br \/>\n<a href=\"wp\/wp-content\/uploads\/2014\/10\/20140415-Froskog-dom-Mark-och-Miljodomstolens.pdf\">20140415-Froskog-dom-Mark-och-Miljodomstolens<\/a><br \/>\n<strong>4. \u00d6verklagan och beslut i Mark- och milj\u00f6\u00f6verdomstolen<\/strong><br \/>\nB\u00e5de L\u00e4nsstyrelsen i V\u00e4stra G\u00f6taland och vindkraftsbolaget \u00f6verklagar beslutet i MOD till M\u00d6D.<br \/>\nL\u00e4nsstyrelsen i V\u00e4stra G\u00f6taland anf\u00f6r:<br \/>\n<em>Det f\u00f6reskrivna villkoret 7 inneb\u00e4r en inskr\u00e4nkning av bolagets m\u00f6jligheter att placera vindkraftverk som inte kan anses vara f\u00f6renlig med god hush\u00e5llning av markomr\u00e5den. Av bullerber\u00e4kningar framg\u00e5r att bullervillkoret kan inneh\u00e5llas \u00e4ven om avst\u00e5ndet till bost\u00e4der understiger 1 000 meter. I vissa fall r\u00e4cker det med cirka 570 meter. Det f\u00f6reskrivna bullervillkoret 40 dB(A) vid bost\u00e4der f\u00e5r anses vara en tillr\u00e4cklig indirekt begr\u00e4nsning av avst\u00e5ndet till bost\u00e4derna. Av upplevelse- och synbarhetssk\u00e4l kan ett minsta avst\u00e5nd om 500 meter vara l\u00e4mpligt.<\/em><br \/>\nM\u00d6D upph\u00e4ver beslutet om visst minsta avst\u00e5nd och sammanfattar:<br \/>\n<em>I ett m\u00e5l om tillst\u00e5nd till vindkraftverksamhet har Mark- och milj\u00f6\u00f6verdomstolen funnit att det ur bullersynpunkt inte \u00e4r milj\u00f6m\u00e4ssigt motiverat med ett preciserat krav p\u00e5 visst avst\u00e5nd utan att det \u00e4r tillr\u00e4ckligt att placeringen av vindkraftverken regleras genom ett villkor om maximalt till\u00e5tet buller vid bost\u00e4der.<\/em><br \/>\n<a href=\"wp\/wp-content\/uploads\/2014\/10\/20141023-Froskog-Dom-Mark-och-Miljooverdomstolen.png\"><img loading=\"lazy\" decoding=\"async\" src=\"wp\/wp-content\/uploads\/2014\/10\/20141023-Froskog-Dom-Mark-och-Miljooverdomstolen-300x154.png\" alt=\"20141023-Froskog-Dom-Mark-och-Miljooverdomstolen\" width=\"300\" height=\"154\" class=\"alignnone size-medium wp-image-1121\" srcset=\"https:\/\/holmon.info\/wp\/wp-content\/uploads\/2014\/10\/20141023-Froskog-Dom-Mark-och-Miljooverdomstolen-300x154.png 300w, https:\/\/holmon.info\/wp\/wp-content\/uploads\/2014\/10\/20141023-Froskog-Dom-Mark-och-Miljooverdomstolen-1024x526.png 1024w, https:\/\/holmon.info\/wp\/wp-content\/uploads\/2014\/10\/20141023-Froskog-Dom-Mark-och-Miljooverdomstolen-768x394.png 768w, https:\/\/holmon.info\/wp\/wp-content\/uploads\/2014\/10\/20141023-Froskog-Dom-Mark-och-Miljooverdomstolen.png 1046w\" sizes=\"auto, (max-width: 300px) 100vw, 300px\" \/><\/a><br \/>\n<a href=\"wp\/wp-content\/uploads\/2014\/10\/20141023-Froskog-dom-Mark-och-Miljooverdomstolen.pdf\">20141023-Froskog-dom-Mark-och-Miljooverdomstolen<\/a><br \/>\nM\u00d6D h\u00e4nvisar ocks\u00e5 till en liknande dom d\u00e4r bullerniv\u00e5 och inte avst\u00e5nd skall vara avg\u00f6rande:<br \/>\n<a href=\"wp\/wp-content\/uploads\/2014\/10\/20130828-Statkraft-dom-Mark-och-Miljooverdomstolen-473-13.pdf\">20130828-Statkraft-dom-Mark-och-Miljooverdomstolen-473-13<\/a><br \/>\n_________________<br \/>\nS\u00e5 h\u00e4r ser svensk milj\u00f6lagstiftning ut! L\u00e5t nu projektet p\u00e5 Holm\u00f6arna f\u00e5 en r\u00e4ttvis milj\u00f6pr\u00f6vning. Och l\u00e5t oss slippa den uppsj\u00f6 av felaktiga och vilseledande argument som snedvrider debatten. \u00c4ven om somliga inte vill acceptera det.<br \/>\n_________________<br \/>\nSven Nordblad<\/p>\n","protected":false},"excerpt":{"rendered":"<p>I ett tidigare inl\u00e4gg j\u00e4mf\u00f6rde vi vindkraftsparken i Gl\u00f6tesv\u00e5len med projektet p\u00e5 Holm\u00f6arna eftersom det finns stora likheter mellan dem. Gl\u00f6tesvalen omfattar 30 vindkraftverk och ligger inom ett l\u00e5gfj\u00e4llsomr\u00e5de och \u00e4r klassat som riksintresse b\u00e5de f\u00f6r renn\u00e4ring och vindbruk. Men det finns ocks\u00e5 anledning att<\/p>\n","protected":false},"author":1,"featured_media":0,"comment_status":"closed","ping_status":"closed","sticky":false,"template":"","format":"standard","meta":{"footnotes":""},"categories":[3],"tags":[],"class_list":["post-1073","post","type-post","status-publish","format-standard","hentry","category-02-juridik"],"_links":{"self":[{"href":"https:\/\/holmon.info\/index.php?rest_route=\/wp\/v2\/posts\/1073","targetHints":{"allow":["GET"]}}],"collection":[{"href":"https:\/\/holmon.info\/index.php?rest_route=\/wp\/v2\/posts"}],"about":[{"href":"https:\/\/holmon.info\/index.php?rest_route=\/wp\/v2\/types\/post"}],"author":[{"embeddable":true,"href":"https:\/\/holmon.info\/index.php?rest_route=\/wp\/v2\/users\/1"}],"replies":[{"embeddable":true,"href":"https:\/\/holmon.info\/index.php?rest_route=%2Fwp%2Fv2%2Fcomments&post=1073"}],"version-history":[{"count":0,"href":"https:\/\/holmon.info\/index.php?rest_route=\/wp\/v2\/posts\/1073\/revisions"}],"wp:attachment":[{"href":"https:\/\/holmon.info\/index.php?rest_route=%2Fwp%2Fv2%2Fmedia&parent=1073"}],"wp:term":[{"taxonomy":"category","embeddable":true,"href":"https:\/\/holmon.info\/index.php?rest_route=%2Fwp%2Fv2%2Fcategories&post=1073"},{"taxonomy":"post_tag","embeddable":true,"href":"https:\/\/holmon.info\/index.php?rest_route=%2Fwp%2Fv2%2Ftags&post=1073"}],"curies":[{"name":"wp","href":"https:\/\/api.w.org\/{rel}","templated":true}]}}