{"id":5484,"date":"2017-03-09T17:38:11","date_gmt":"2017-03-09T16:38:11","guid":{"rendered":"http:\/\/www.holmon.info\/?p=5484"},"modified":"2017-03-09T17:38:11","modified_gmt":"2017-03-09T16:38:11","slug":"resa-till-holmogadd-15-februari-1940","status":"publish","type":"post","link":"https:\/\/holmon.info\/?p=5484","title":{"rendered":"Resa till Holm\u00f6gadd vintern 1940"},"content":{"rendered":"<p><strong>Idag 9 mars 2017 bjuder Kvarken p\u00e5 en sv\u00e5r f\u00e4rd till Holm\u00f6n. Drivisen tornar upp vid <a href=\"wp\/wp-content\/uploads\/2017\/03\/20170309_Ale_Pannan_12-30.jpg\">Pannan<\/a>. Isbrytaren <a href=\"wp\/wp-content\/uploads\/2017\/03\/20170309-Ale-Holmon.jpg\">Ale<\/a> assisterar Capella.<br \/>\nUnder krigsvintern 1940 har V\u00e4sterbottens-Kuriren ett reportage fr\u00e5n en annan strapatsrik resa \u00f6ver Kvarken. Men denna g\u00e5ng med h\u00e4st och sl\u00e4de fr\u00e5n Ostn\u00e4s, via Holm\u00f6n, Grossgrunden och vidare ner till Holm\u00f6gadd. Det \u00e4r den omtalade &#8221;V\u00e4derguden&#8221; som bes\u00f6ker fyrstationen p\u00e5 Gadden.<\/strong><br \/>\n<a href=\"wp\/wp-content\/uploads\/2017\/03\/19400215-Holmogadd-Vaderguden-kalke.jpg\"><img loading=\"lazy\" decoding=\"async\" width=\"475\" height=\"315\" src=\"wp\/wp-content\/uploads\/2017\/03\/19400215-Holmogadd-Vaderguden-kalke.jpg\" alt=\"19400215-Holmogadd-Vaderguden-kalke\"class=\"alignnone size-medium wp-image-5494\" srcset=\"https:\/\/holmon.info\/wp\/wp-content\/uploads\/2017\/03\/19400215-Holmogadd-Vaderguden-kalke.jpg 475w, https:\/\/holmon.info\/wp\/wp-content\/uploads\/2017\/03\/19400215-Holmogadd-Vaderguden-kalke-300x199.jpg 300w\" sizes=\"auto, (max-width: 475px) 100vw, 475px\" \/><\/a><br \/>\nMen vem \u00e4r &#8221;V\u00e4derguden&#8221; som tronar i k\u00e4lken? Uppenbarligen en mytomspunnen person. K\u00e4nd bl.a f\u00f6r uppt\u00e4cktsresor till Gr\u00f6nland och artiklar om Golfstr\u00f6mmen. Hans r\u00e4tta namn \u00e4r byr\u00e5direkt\u00f6ren J. W Sandstr\u00f6m och han omn\u00e4mns i tidningen <a href=\"wp\/wp-content\/uploads\/2017\/03\/1939_JW_Sandstrom_Vaderguden_Tekn_tidskrift1.jpg\">Teknisk Tidskrift fr\u00e5n 1939<\/a>.<\/p>\n<div style=\"width:40%;padding:0 10px 0 0;float:left;\">\n<a href=\"wp\/wp-content\/uploads\/2017\/03\/19400215-VK-sid-7.jpg\"><img loading=\"lazy\" decoding=\"async\" src=\"wp\/wp-content\/uploads\/2017\/03\/19400215-VK-sid-7-212x300.jpg\" alt=\"19400215-VK-sid-7\" width=\"212\" height=\"300\" class=\"alignnone size-medium wp-image-5492\" srcset=\"https:\/\/holmon.info\/wp\/wp-content\/uploads\/2017\/03\/19400215-VK-sid-7-212x300.jpg 212w, https:\/\/holmon.info\/wp\/wp-content\/uploads\/2017\/03\/19400215-VK-sid-7-724x1024.jpg 724w, https:\/\/holmon.info\/wp\/wp-content\/uploads\/2017\/03\/19400215-VK-sid-7-768x1087.jpg 768w, https:\/\/holmon.info\/wp\/wp-content\/uploads\/2017\/03\/19400215-VK-sid-7-1086x1536.jpg 1086w, https:\/\/holmon.info\/wp\/wp-content\/uploads\/2017\/03\/19400215-VK-sid-7.jpg 1446w\" sizes=\"auto, (max-width: 212px) 100vw, 212px\" \/><\/a><\/div>\n<div style=\"width:55%;padding:0 10px 0 0;float:left; font-size: 10pt; color: black; line-height: 12pt;\">\n<strong>V\u00e4sterbottens-Kuriren 15 februari 1940<\/strong><i><br \/>\nVinterv\u00e4gen fr\u00e5n Holm\u00f6 by till Gadden var en ny bekantskap. \u00c4n f\u00f6ljde vi \u00f6dsliga myrar, \u00e4n kr\u00f6po vi in i skyddande skog och ibland stucko vi ut till havs d\u00e4r nordan bet skinnet. Sj\u00e4lvfallet var v\u00e4gen inte plogad, men f\u00e5len var energisk och drog s\u00e5 det knakade i sele och fordon.<br \/>\nVid Grossgrundet avslutades sl\u00e4dturen. En av fiskarstugorna var \u00f6ppen, vi gingo in, funno en stor stapel drivved, fyrade p\u00e5 i den \u00f6ppna spiseln och tinade upp oss ordentligt innan slutspurten till Gadden.<br \/>\nFyrplatsen Holm\u00f6gadd \u00e4r en liten v\u00e4rld f\u00f6r sig sj\u00e4lv. Antalet bofasta familjer \u00e4r fyra. I detta lilla samh\u00e4lle finns f\u00f6r n\u00e4rvarande tre skolpliktiga barn, och f\u00f6r undervisningen av dessa finnes skola.<br \/>\n<\/i><\/b><\/div>\n<div style=\"clear:both;\"><\/div>\n<p><a href=\"wp\/wp-content\/uploads\/2017\/03\/19400215-VK-sid-7.jpg\">Klicka p\u00e5 bilden och f\u00f6rstora sedan hela artikeln<\/a><br \/>\nVisst \u00e4r det fantastiskt att staten h\u00e4r drev en skola f\u00f6r endast tre elever!<\/p>\n<div style=\"width:40%;padding:0 10px 0 0;float:left;\">\n<a href=\"wp\/wp-content\/uploads\/2017\/03\/20170309_Grossgrundbastun_IMG_1049.jpg\"><img decoding=\"async\" src=\"wp\/wp-content\/uploads\/2017\/03\/20170309_Grossgrundbastun_IMG_1049-224x300.jpg\" alt=\"20170309_Grossgrundbastun_IMG_1049\" width=\"212\" class=\"alignnone size-medium wp-image-5504\" \/><\/a><\/div>\n<div style=\"width:55%;padding:0 10px 0 0;float:left; font-size: 10pt; color: black; line-height: 12pt;\">\n<b>Kanske \u00e4r det just denna fiskebastu vid Grossgrundet som \u00e4gs och f\u00f6rvaltas av Holm\u00f6n Byam\u00e4ns samf\u00e4llighetsf\u00f6rening man \u00e5syftar<\/b><br \/>\nH\u00e4r rustas nu bastun med nytt innertak och sovlavar och till sommaren kommer den att kunna bokas i aff\u00e4ren <a href=\"http:\/\/www.holmon.com\/lanthandeln\/\">Holm\u00f6ns Stora Lanthandel<\/a> f\u00f6r \u00f6vernattning vid bes\u00f6k p\u00e5 Holm\u00f6n.<br \/>\nLiksom fiskebastuarna vid Siksk\u00e4ret och v\u00e4stra G\u00e5sfl\u00f6tan.<\/div>\n<div style=\"clear:both;\"><\/div>\n<p><strong>Om Holm\u00f6gadd finns mycket skrivet<\/strong><br \/>\nHolm\u00f6gadds intressef\u00f6rening har satt upp en <a href=\"http:\/\/www.gadden.holmsund.org\/\">Web-kamera<\/a> som varje dag visar bilder p\u00e5 en replik av en stenkolseldad &#8221;vippfyr&#8221; som var den tidigaste modellen p\u00e5 Holm\u00f6gadd.<br \/>\nI tidskriften Dagens B\u00e5tliv finns ett <a href=\"http:\/\/www.dagensbatliv.se\/reportage\/holmogadd-blev-sveriges-sist-bemannade-fyrplats\">reportage<\/a> om Sveriges sist bemannade fyrplats.<br \/>\n<a href=\"wp\/wp-content\/uploads\/2017\/03\/Holmogadd-mistsignalering-kanoner.jpg\"><img decoding=\"async\" src=\"wp\/wp-content\/uploads\/2017\/03\/Holmogadd-mistsignalering-kanoner.jpg\" alt=\"Holmogadd-mistsignalering-kanoner\" width=\"550\" class=\"alignnone size-medium wp-image-5520\" srcset=\"https:\/\/holmon.info\/wp\/wp-content\/uploads\/2017\/03\/Holmogadd-mistsignalering-kanoner.jpg 619w, https:\/\/holmon.info\/wp\/wp-content\/uploads\/2017\/03\/Holmogadd-mistsignalering-kanoner-300x218.jpg 300w\" sizes=\"(max-width: 619px) 100vw, 619px\" \/><\/a><br \/>\nDen ideella f\u00f6reningen <a href=\"http:\/\/fyr.org\/\">Svenska Fyrs\u00e4llskapet<\/a> har mycket information om Sveriges fyrar, inte bara den p\u00e5 Holm\u00f6gadd utan alla de andra fyrarna Bergudden, Stora Fj\u00e4der\u00e4gg och Nordvalen p\u00e5 och runtomkring Holm\u00f6n. D\u00e4r finns ocks\u00e5 en <a href=\"http:\/\/fyr.org\/fyrpersonal\/index.php?id=16&#038;lid=204\">personalmatrikel<\/a> med m\u00e5nga bekanta namn fr\u00e5n Holm\u00f6n.<br \/>\n<strong>Undrar just vad &#8221;V\u00e4derguden&#8221; skulle t\u00e4nka om de m\u00f6jliga hoten mot <a href=\"http:\/\/www.miljomagasinet.se\/artiklar\/151118-gronlandsisen-smalter-snabbare-an-beraknat.html\">Golfstr\u00f6mmen<\/a> idag.<\/strong><br \/>\nSven Nordblad<\/p>\n","protected":false},"excerpt":{"rendered":"<p>Idag 9 mars 2017 bjuder Kvarken p\u00e5 en sv\u00e5r f\u00e4rd till Holm\u00f6n. Drivisen tornar upp vid Pannan. Isbrytaren Ale assisterar Capella. Under krigsvintern 1940 har V\u00e4sterbottens-Kuriren ett reportage fr\u00e5n en annan strapatsrik resa \u00f6ver Kvarken. Men denna g\u00e5ng med h\u00e4st och sl\u00e4de fr\u00e5n Ostn\u00e4s, via<\/p>\n","protected":false},"author":1,"featured_media":0,"comment_status":"closed","ping_status":"closed","sticky":false,"template":"","format":"standard","meta":{"footnotes":""},"categories":[10],"tags":[],"class_list":["post-5484","post","type-post","status-publish","format-standard","hentry","category-09-holmohistoria"],"_links":{"self":[{"href":"https:\/\/holmon.info\/index.php?rest_route=\/wp\/v2\/posts\/5484","targetHints":{"allow":["GET"]}}],"collection":[{"href":"https:\/\/holmon.info\/index.php?rest_route=\/wp\/v2\/posts"}],"about":[{"href":"https:\/\/holmon.info\/index.php?rest_route=\/wp\/v2\/types\/post"}],"author":[{"embeddable":true,"href":"https:\/\/holmon.info\/index.php?rest_route=\/wp\/v2\/users\/1"}],"replies":[{"embeddable":true,"href":"https:\/\/holmon.info\/index.php?rest_route=%2Fwp%2Fv2%2Fcomments&post=5484"}],"version-history":[{"count":0,"href":"https:\/\/holmon.info\/index.php?rest_route=\/wp\/v2\/posts\/5484\/revisions"}],"wp:attachment":[{"href":"https:\/\/holmon.info\/index.php?rest_route=%2Fwp%2Fv2%2Fmedia&parent=5484"}],"wp:term":[{"taxonomy":"category","embeddable":true,"href":"https:\/\/holmon.info\/index.php?rest_route=%2Fwp%2Fv2%2Fcategories&post=5484"},{"taxonomy":"post_tag","embeddable":true,"href":"https:\/\/holmon.info\/index.php?rest_route=%2Fwp%2Fv2%2Ftags&post=5484"}],"curies":[{"name":"wp","href":"https:\/\/api.w.org\/{rel}","templated":true}]}}