{"id":5955,"date":"2017-08-08T16:22:08","date_gmt":"2017-08-08T14:22:08","guid":{"rendered":"http:\/\/www.holmon.info\/?p=5955"},"modified":"2017-08-08T16:22:08","modified_gmt":"2017-08-08T14:22:08","slug":"sveriges-minsta-museum","status":"publish","type":"post","link":"https:\/\/holmon.info\/?p=5955","title":{"rendered":"Sveriges minsta museum"},"content":{"rendered":"<div style=\"width: 50%; padding: 0 10px 0 0; float: left;\"><a href=\"wp\/wp-content\/uploads\/2017\/08\/Museum-1.jpg\"><img decoding=\"async\" class=\"alignnone size-medium wp-image-5957\" src=\"wp\/wp-content\/uploads\/2017\/08\/Museum-1.jpg\" alt=\"Museum-1\" width=\"300\" srcset=\"https:\/\/holmon.info\/wp\/wp-content\/uploads\/2017\/08\/Museum-1.jpg 1280w, https:\/\/holmon.info\/wp\/wp-content\/uploads\/2017\/08\/Museum-1-169x300.jpg 169w, https:\/\/holmon.info\/wp\/wp-content\/uploads\/2017\/08\/Museum-1-576x1024.jpg 576w, https:\/\/holmon.info\/wp\/wp-content\/uploads\/2017\/08\/Museum-1-768x1366.jpg 768w, https:\/\/holmon.info\/wp\/wp-content\/uploads\/2017\/08\/Museum-1-863x1536.jpg 863w, https:\/\/holmon.info\/wp\/wp-content\/uploads\/2017\/08\/Museum-1-1151x2048.jpg 1151w\" sizes=\"(max-width: 1280px) 100vw, 1280px\" \/><\/a><\/div>\n<div style=\"width: 45%; padding: 0 10px 0 0; float: right;\">\n<div style=\"font-size: 10.5pt; color: black; line-height: 13pt\">\n<b>1907 gick fiskarebefolkningen p\u00e5 <a href=\"https:\/\/visitholmon.se\/\">Holm\u00f6n<\/a> samman och byggde ett <a href=\"wp\/wp-content\/uploads\/2017\/08\/Salteriet-01.jpg\"> eget salteri<\/a> f\u00f6r inl\u00e4ggning av salt- och surstr\u00f6mming<\/b>.<br \/>\n<\/div>\n<p><\/p>\n<div style=\"font-size: 9.5pt; color: black; line-height: 11.5pt\">\nHolm\u00f6 Sommarteater spelade 2016 familjedramat &#8221;Salta Vindar&#8221; som <a href=\"http:\/\/minne.no-ip.org\/msh\/thumbnails.php?album=240\">S\u00e4var Hembygdsf\u00f6rening dokumenterat<\/a><\/b>.<br \/>\nRadio V\u00e4sterbotten gjorde ett <a href=\"https:\/\/www.svt.se\/nyheter\/lokalt\/vasterbotten\/salta-vindar-blaser-pa-holmon\">reportage<\/a>.<br \/>\n<br \/>\nV\u00e4rldens minsta film-museum men v\u00e4rldens st\u00f6rsta <a href=\"http:\/\/www.hasseotagemuseet.se\">Hasse &#038; Tage-museum<\/a> i Tomelilla \u00e4r 15 kvm stort. H\u00e4r \u00e4r <a href=\"https:\/\/www.hd.se\/2010-06-07\/sveriges-minsta-museum\">Starke Tufves stuga i \u00d6d\u00e5kra<\/a> d\u00e4r \u00e4nd\u00e5 hela 8-12 personer f\u00e5r plats. <a href=\"https:\/\/www.hd.se\/2007-07-04\/amelie-posse-museum-invigt\">Amelie-Posse museet<\/a> k\u00e4nns rymligt. <a href=\"http:\/\/www.bracke.se\/besokare\/upplev\/museer\/strommuseetherrevadstrommen.4.73773db514ee2ab085a9e3b.html\">Str\u00f6mmuseet<\/a> v\u00e4ger in p\u00e5 8 kvm!<br \/>\n<br \/>\n<b>Holm\u00f6n var tidigare Sveriges minsta kommun. Nu utmanar Holm\u00f6n med Museet i Salteriet inrymt i en gammal n\u00f6dtelefonkiosk p\u00e5 endast 3 kvm om titeln &#8221;Sveriges minsta museum&#8221;.<br \/>\nV\u00e4lkomna in p\u00e5 ett bes\u00f6k &#8211; men inte alla p\u00e5 en g\u00e5ng!<\/b><br \/>\n<br \/>&nbsp;<\/div>\n<\/div>\n<div style=\"clear: both;\"><\/div>\n<p>&nbsp;<\/p>\n<div style=\"width: 50%; padding: 0 10px 0 0; float: left;\">\n<a href=\"wp\/wp-content\/uploads\/2017\/08\/Rapport-Salteriet-green-ON.jpg\"><img decoding=\"async\" src=\"wp\/wp-content\/uploads\/2017\/08\/Rapport-Salteriet-green-ON.jpg\" alt=\"Rapport-Salteriet-green-ON.jpg\" width=\"300\" class=\"alignnone size-medium wp-image-6216\" \/><\/a>\n<\/div>\n<div style=\"width: 45%; padding: 0 10px 0 0; float: right;\">\n<div style=\"font-size: 8pt; color: black; line-height: 10pt\">\n<b>Fiskf\u00f6r\u00e4dling och fiske p\u00e5 Holm\u00f6n i ett historiskt perspektiv<\/b><br \/>\n<br \/>\nEtt <a href=\"wp\/wp-content\/uploads\/2017\/08\/Salteriet-Kompendium-Olle-Nygren.pdf\">kompendium<\/a> sammanst\u00e4llt av Olle Nygren fr\u00e5n en diskussionsgrupp best\u00e5ende av Gullan Dahlberg, \u00c5ke Karlsson, Gun och Melker Kristr\u00f6m, Olle och Jon-Olle Nygren.<br \/>\n<br \/>\nEfter samtal med personer som vi vill tacka f\u00f6r att de s\u00e5 frikostigt delat med sig av kunskap, erfarenheter och minnen av verksamheten och livet vid Salteriet n\u00e4mligen Tage Brakander, Karl W Edlund, Adrian Nilsson, \u00c5ke Sandstr\u00f6m, Anna-Greta Wejdmark och John Vikander.<br \/>\n<br \/>\nD\u00e4r kan man t.ex l\u00e4sa om ett f\u00f6rs\u00f6k att exportera surstr\u00f6mming till USA&nbsp;&#8230;<br \/>\n<br \/>\n<b>Avsnitt<\/b><br \/>\n<br \/>\nInledning<br \/>\nFiske<br \/>\nFiskf\u00f6r\u00e4dling vid Salteriet p\u00e5 Holm\u00f6n<br \/>\nS\u00e4ljakt<br \/>\nBilagor<br \/>\n<br \/>\n<a href=\"http:\/\/www.pythagorasmuseum.se\/tandkulemotorn\/\">T\u00e4ndkulemotorn Pythagoras<\/a><br \/>\n<\/b><\/div>\n<\/div>\n<div style=\"clear: both;\"><\/div>\n<div style=\"width: 50%; padding: 0 10px 0 0; float: left;\"><a href=\"wp\/wp-content\/uploads\/2017\/08\/Salteriet-01.jpg\"><img loading=\"lazy\" decoding=\"async\" class=\"alignnone size-medium wp-image-5970\" src=\"wp\/wp-content\/uploads\/2017\/08\/Salteriet-01-300x168.jpg\" alt=\"Salteriet-01\" width=\"300\" height=\"168\" \/><\/a><\/div>\n<div style=\"width: 45%; padding: 0 10px 0 0; float: right;\">\n<div style=\"font-size: 8pt; color: black; line-height: 10pt\">\n<b>Bild 1. Salteriet sett fr\u00e5n sj\u00f6n.<\/b><br \/>\n<br \/>\n1907 gick fiskarebefolkningen p\u00e5 Holm\u00f6n samman och byggde ett eget salteri f\u00f6r inl\u00e4ggning av salt- och surstr\u00f6mming, vilket gav en tryggare avs\u00e4ttning av fisken.<\/p>\n<p>\nI bakgrunden till h\u00f6ger kan du ana vindm\u00f6llan som f\u00f6rs\u00e5g salteriet med str\u00f6m.\n<\/p><\/div>\n<\/div>\n<div style=\"clear: both;\"><\/div>\n<div style=\"width: 50%; padding: 0 10px 0 0; float: left;\"><a href=\"wp\/wp-content\/uploads\/2017\/08\/Salteriet-02-03.jpg\"><img loading=\"lazy\" decoding=\"async\" class=\"alignnone size-medium wp-image-5971\" src=\"wp\/wp-content\/uploads\/2017\/08\/Salteriet-02-03-300x168.jpg\" alt=\"Salteriet-02-03\" width=\"300\" height=\"168\" \/><\/a><\/div>\n<div style=\"width: 45%; padding: 0 10px 0 0; float: right;\">\n<div style=\"font-size: 8pt; color: black; line-height: 10pt\">\n<b>Bild 2. Grosshandlaren J.AD. Forsberg fr\u00e5n Ume\u00e5 \u00f6vertog andelsslakteriet 1918<\/b><br \/>\n<br \/>\nH\u00e4r poserande vid surstr\u00f6mmingstunnorna<br \/>\n<br \/>\n<b>Bild 3. Salteriet sett fr\u00e5n luften.<\/b><br \/>\n<br \/>\nBilden \u00e4r tagen fr\u00e5n vindm\u00f6llan som levererade str\u00f6m till anl\u00e4ggningen. Personalen st\u00e5r uppradad vid v\u00e4ggen<\/b><\/div>\n<\/div>\n<div style=\"clear: both;\"><\/div>\n<p><em>Klicka p\u00e5 <b>Read more<\/b> f\u00f6r att forts\u00e4tta &#8230;<\/em><br \/>\n<!--more--><\/p>\n<div style=\"width: 50%; padding: 0 10px 0 0; float: left;\"><a href=\"wp\/wp-content\/uploads\/2017\/08\/Salteriet-04.jpg\"><img decoding=\"async\" class=\"alignnone size-medium wp-image-5972\" src=\"wp\/wp-content\/uploads\/2017\/08\/Salteriet-04-168x300.jpg\" alt=\"Salteriet-04\" width=\"125\" \/><\/a><\/div>\n<div style=\"width: 45%; padding: 0 10px 0 0; float: right;\">\n<div style=\"font-size: 8pt; color: black; line-height: 10pt\">\n<div style=\"font-size: 8pt; color: black; line-height: 10pt\">\n<b>Bild 4. Baksidan av Forsbergs salteri vid G\u00e4ddb\u00e4ckssund.<\/b><br \/>\n<br \/>\nPersonal p\u00e5 v\u00e4g in till arbetet<br \/>\n<br \/>\nNotera r\u00e4lsen f\u00f6r vagnar och tr\u00e4tunnorna\n<\/div>\n<\/div>\n<div style=\"clear: both;\"><\/div>\n<\/div>\n<div style=\"width: 50%; padding: 0 10px 0 0; float: left;\"><a href=\"wp\/wp-content\/uploads\/2017\/08\/Salteriet-05.jpg\"><img decoding=\"async\" class=\"alignnone size-medium wp-image-5978\" src=\"wp\/wp-content\/uploads\/2017\/08\/Salteriet-05-168x300.jpg\" alt=\"Salteriet-05\" width=\"125\" \/><\/a><\/div>\n<div style=\"width: 45%; padding: 0 10px 0 0; float: right;\">\n<div style=\"font-size: 8pt; color: black; line-height: 10pt\">\n<b>Bild 5. Efter leverans av fisk till Salteriet.<\/b><br \/>\n<br \/>\nVisst ser de r\u00e4tt n\u00f6jda ut?\n<\/div>\n<div style=\"clear: both;\"><\/div>\n<\/div>\n<div style=\"width: 50%; padding: 0 10px 0 0; float: left;\"><a href=\"wp\/wp-content\/uploads\/2017\/08\/Salteriet-06-07.jpg\"><img loading=\"lazy\" decoding=\"async\" class=\"alignnone size-medium wp-image-5973\" src=\"wp\/wp-content\/uploads\/2017\/08\/Salteriet-06-07-300x168.jpg\" alt=\"Salteriet-06-07\" width=\"300\" height=\"168\" \/><\/a><\/div>\n<div style=\"width: 45%; padding: 0 10px 0 0; float: right;\">\n<div style=\"font-size: 8pt; color: black; line-height: 10pt\">\n<b>Bild 6. Hela personalen vid personalbost\u00e4derna<\/b><br \/>\n<br \/>\nPersonalbostaden brann samtidigt med Salteriet 1950.<br \/>\n<br \/>\n<b>7. R\u00f6km\u00e4stare Tycko Brakander (1893 &#8211; 1963)<\/b><br \/>\n<br \/>\nP\u00e5 s\u00e5gtrappen till Forsbergs salteri<\/div>\n<div style=\"clear: both;\"><\/div>\n<\/div>\n<div style=\"width: 50%; padding: 0 10px 0 0; float: left;\"><a href=\"wp\/wp-content\/uploads\/2017\/08\/Salteriet-06-namn.jpg\"><img decoding=\"async\" class=\"alignnone size-medium wp-image-6261\" src=\"wp\/wp-content\/uploads\/2017\/08\/Salteriet-06-namn-300x170.jpg\" alt=\"Salteriet-06-namn\" width=\"125\" srcset=\"https:\/\/holmon.info\/wp\/wp-content\/uploads\/2017\/08\/Salteriet-06-namn-300x170.jpg 300w, https:\/\/holmon.info\/wp\/wp-content\/uploads\/2017\/08\/Salteriet-06-namn.jpg 720w\" sizes=\"(max-width: 300px) 100vw, 300px\" \/><\/a><\/div>\n<div style=\"width: 45%; padding: 0 10px 0 0; float: right;\">\n<div style=\"font-size: 8pt; color: black; line-height: 10pt\">\n<b>6a. Hela personalen<\/b><\/div>\n<div style=\"clear: both;\"><\/div>\n<\/div>\n<div style=\"width: 50%; padding: 0 10px 0 0; float: left;\"><a href=\"wp\/wp-content\/uploads\/2017\/08\/Salteriet-08.jpg\"><img decoding=\"async\" class=\"alignnone size-medium wp-image-5974\" src=\"wp\/wp-content\/uploads\/2017\/08\/Salteriet-08-168x300.jpg\" alt=\"Salteriet-08\" width=\"125\" \/><\/a><\/div>\n<div style=\"width: 45%; padding: 0 10px 0 0; float: right;\">\n<div style=\"font-size: 8pt; color: black; line-height: 10pt\">\n<b>Bild 8. Efter 1918 b\u00f6rjade lax r\u00f6kas och \u00e4ven l\u00e4ggas in.<\/b><br \/>\n<br \/>\nTycko Brakander (1893 &#8211; 1963) till v\u00e4nster och Andreas Palmgren (1882 &#8211; 1953) &#8211; de enda fast anst\u00e4llda &#8211; framf\u00f6r en ugn med r\u00f6kt lax.<\/div>\n<div style=\"clear: both;\"><\/div>\n<\/div>\n<div style=\"width: 50%; padding: 0 10px 0 0; float: left;\"><a href=\"wp\/wp-content\/uploads\/2017\/08\/Salteriet-09-10.jpg\"><img loading=\"lazy\" decoding=\"async\" class=\"alignnone size-medium wp-image-5975\" src=\"wp\/wp-content\/uploads\/2017\/08\/Salteriet-09-10-300x168.jpg\" alt=\"Salteriet-09-10\" width=\"300\" height=\"168\" \/><\/a><\/div>\n<div style=\"width: 45%; padding: 0 10px 0 0; float: right;\">\n<div style=\"font-size: 8pt; color: black; line-height: 10pt\">\n<b>Bild 9. Forsberg ut\u00f6kade fabriken 1928 med ett r\u00f6keri och nya arbetsutrymmen<\/b><br \/>\n<br \/>\nUtrustning f\u00f6r il\u00e4ggning och \u00f6vrig hantering av str\u00f6mming och lax inf\u00f6rskaffades<\/p>\n<p><b>Bild 10. Nya arbetsuppgifter<\/b><br \/>\n<br \/>\nAtt reng\u00f6ra hinkar, k\u00e4rl och annan utrustning ingick ocks\u00e5 i arbetet. Det kunde gunga och k\u00e4nnas os\u00e4kert under f\u00f6tterna<\/div>\n<\/div>\n<div style=\"clear: both;\"><\/div>\n<div style=\"width: 50%; padding: 0 10px 0 0; float: left;\"><a href=\"wp\/wp-content\/uploads\/2017\/08\/Salteriet-11-12.jpg\"><img loading=\"lazy\" decoding=\"async\" class=\"alignnone size-medium wp-image-5975\" src=\"wp\/wp-content\/uploads\/2017\/08\/Salteriet-11-12-300x168.jpg\" alt=\"Salteriet-11-12\" width=\"300\" height=\"168\" \/><\/a><\/div>\n<div style=\"width: 45%; padding: 0 10px 0 0; float: right;\">\n<div style=\"font-size: 8pt; color: black; line-height: 10pt\">\n<b>Bild 11. Forsberg med en del av den flitiga personalen<\/b><br \/>\n<br \/>\nBakom de fint uppstaplade konserverna syns bl&nbsp;a Vera Fredriksson, Emmy Grubbstr\u00f6m och Anna Wikander<br \/>\n<br \/>\n<b>Bild 12. J.Ad Forsberg med fiskkonserver i l\u00e5nga rader.<\/b><br \/>\n<br \/>\n90&nbsp;000 &#8211; 100&nbsp;000 burkar producerades per \u00e5r under 1940-talet och mycket gick t&nbsp;o&nbsp;m p\u00e5 export<br \/>\n<br \/>\nVid branden 1950 d\u00e5 hela salteriet brann ner f\u00f6rst\u00f6rdes 45&nbsp;000 burkar och 40 ton str\u00f6mming &#8211; halva \u00e5rsproduktionen\n<\/div>\n<\/div>\n<div style=\"clear: both;\"><\/div>\n<div style=\"width: 50%; padding: 0 10px 0 0; float: left;\"><a href=\"wp\/wp-content\/uploads\/2017\/08\/Salteriet-telefon.jpg\"><img loading=\"lazy\" decoding=\"async\" class=\"alignnone size-medium wp-image-6255\" src=\"wp\/wp-content\/uploads\/2017\/08\/Salteriet-telefon-300x168.jpg\" alt=\"Salteriet-telefon\" width=\"300\" height=\"168\" \/><\/a><\/div>\n<div style=\"width: 45%; padding: 0 10px 0 0; float: right;\">\n<div style=\"font-size: 8pt; color: black; line-height: 10pt\">\n<b><i>Den gamla n\u00f6dtelefonkiosken som anv\u00e4nds f\u00f6r museet st\u00e4lls till f\u00f6rfogande av Holm\u00f6n Byam\u00e4ns samf\u00e4llighetsf\u00f6rening. Telefonnumret var Ume\u00e5 55 061 men \u00e4r numera urkopplad.<\/i><\/b>\n<\/div>\n<\/div>\n<div style=\"clear: both;\"><\/div>\n<p>\nSven Nordblad<\/p>\n","protected":false},"excerpt":{"rendered":"<p>1907 gick fiskarebefolkningen p\u00e5 Holm\u00f6n samman och byggde ett eget salteri f\u00f6r inl\u00e4ggning av salt- och surstr\u00f6mming. Holm\u00f6 Sommarteater spelade 2016 familjedramat &#8221;Salta Vindar&#8221; som S\u00e4var Hembygdsf\u00f6rening dokumenterat. Radio V\u00e4sterbotten gjorde ett reportage. V\u00e4rldens minsta film-museum men v\u00e4rldens st\u00f6rsta Hasse &#038; Tage-museum i Tomelilla \u00e4r<\/p>\n","protected":false},"author":1,"featured_media":0,"comment_status":"closed","ping_status":"closed","sticky":false,"template":"","format":"standard","meta":{"footnotes":""},"categories":[10],"tags":[],"class_list":["post-5955","post","type-post","status-publish","format-standard","hentry","category-09-holmohistoria"],"_links":{"self":[{"href":"https:\/\/holmon.info\/index.php?rest_route=\/wp\/v2\/posts\/5955","targetHints":{"allow":["GET"]}}],"collection":[{"href":"https:\/\/holmon.info\/index.php?rest_route=\/wp\/v2\/posts"}],"about":[{"href":"https:\/\/holmon.info\/index.php?rest_route=\/wp\/v2\/types\/post"}],"author":[{"embeddable":true,"href":"https:\/\/holmon.info\/index.php?rest_route=\/wp\/v2\/users\/1"}],"replies":[{"embeddable":true,"href":"https:\/\/holmon.info\/index.php?rest_route=%2Fwp%2Fv2%2Fcomments&post=5955"}],"version-history":[{"count":0,"href":"https:\/\/holmon.info\/index.php?rest_route=\/wp\/v2\/posts\/5955\/revisions"}],"wp:attachment":[{"href":"https:\/\/holmon.info\/index.php?rest_route=%2Fwp%2Fv2%2Fmedia&parent=5955"}],"wp:term":[{"taxonomy":"category","embeddable":true,"href":"https:\/\/holmon.info\/index.php?rest_route=%2Fwp%2Fv2%2Fcategories&post=5955"},{"taxonomy":"post_tag","embeddable":true,"href":"https:\/\/holmon.info\/index.php?rest_route=%2Fwp%2Fv2%2Ftags&post=5955"}],"curies":[{"name":"wp","href":"https:\/\/api.w.org\/{rel}","templated":true}]}}