{"id":7419,"date":"2020-04-21T10:39:26","date_gmt":"2020-04-21T08:39:26","guid":{"rendered":"http:\/\/www.holmon.info\/?p=7419"},"modified":"2020-04-21T10:39:26","modified_gmt":"2020-04-21T08:39:26","slug":"renar-pa-holmon-21-april-2020","status":"publish","type":"post","link":"https:\/\/holmon.info\/?p=7419","title":{"rendered":"Renar p\u00e5 Holm\u00f6n 21 april 2020"},"content":{"rendered":"<p><a href=\"wp\/wp-content\/uploads\/2020\/04\/20200421-Holmon-Renar.jpeg\"><img decoding=\"async\" src=\"wp\/wp-content\/uploads\/2020\/04\/20200421-Holmon-Renar.jpeg\" alt=\"\" width=\"550\" class=\"alignnone size-medium wp-image-7420\" \/><\/a><br \/>\n<strong>Holm\u00f6arna r\u00e4knas som vinterbetesland (1 oktober-30 april) f\u00f6r Rans sameby renar enligt L\u00e4nsstyrelsen V\u00e4sterbottens uppfattning. L\u00e4nsstyrelsen anser ocks\u00e5 att &#8221;<i>Rans sameby har en skyldighet att flytta d\u00e4rifr\u00e5n alla renar efter vinterbetesperiodens slut<\/i>&#8221;. <\/strong><br \/>\n<strong>Uppdatering 2020-05-07<\/strong><br \/>\nN\u00e5, s\u00e5 hur blev det d\u00e5. H\u00e4r en bild fr\u00e5n \u00c4nges\u00f6bron den 7 maj. En v\u00e4ldigt s\u00f6t renkalv, oblyg, medan vajan \u00e4r mer skeptisk.<br \/>\n<a href=\"wp\/wp-content\/uploads\/2020\/04\/20200507-Renar-Angesobron-1330854.jpeg\"><img decoding=\"async\" src=\"wp\/wp-content\/uploads\/2020\/04\/20200507-Renar-Angesobron-1330854.jpeg\" alt=\"\" width=\"550\" class=\"alignnone size-medium wp-image-7426\" \/><\/a><br \/>\nNej, renarna \u00e4r kvar p\u00e5 Holm\u00f6n. Som tidigare. Trots tidigare p\u00e5pekanden och <a href=\"wp\/wp-content\/uploads\/2020\/04\/20171107-Lst-vitesforel-avslutat.pdf\">vitesf\u00f6rel\u00e4ggande<\/a> fr\u00e5n tillsynsmyndigheten. Trots att renarnas naturliga hem nu \u00e4r fj\u00e4llen &#8211; de \u00e4r anpassade efter detta och meterologerna sp\u00e5r en mycket varm sommar.<br \/>\nRenkalven p\u00e5 bilden har de typiska <a HREF=\"http:\/\/www.samer.se\/1238\">basthornen<\/a> som inneb\u00e4r att det nu inte l\u00e4ngre g\u00e5r att flytta till fj\u00e4llen f\u00f6r att de \u00e4r \u00f6mt\u00e5liga. Det \u00e4r djurpl\u00e5geri och det kan man sj\u00e4lvklart inte inv\u00e4nda emot.<br \/>\n<strong>Uppdatering 2020-06-15<\/strong><br \/>\n<a href=\"wp\/wp-content\/uploads\/2020\/04\/20200615-Ren-Spikgraven.jpeg\"><img decoding=\"async\" src=\"wp\/wp-content\/uploads\/2020\/04\/20200615-Ren-Spikgraven.jpeg\" alt=\"\" width=\"550\" class=\"alignnone size-medium wp-image-7506\" \/><\/a><br \/>\nRenbete vid Spikgraven. I brist p\u00e5 renlav f\u00e5r detta duga.<br \/>\n<strong>Uppdatering 2020-06-30<\/strong><br \/>\nRen\u00e4garen har varit p\u00e5 bes\u00f6k och avlivat en aggressiv rentjur som bland annat g\u00e5tt p\u00e5 hundar och bott i Sandvikstj\u00e4rn. Pratade glatt om renarna p\u00e5 \u00c4nges\u00f6n och Grossgrundet. N\u00e4mnde att det r\u00f6r sig om ett 70-tal. Ingen \u00e5tg\u00e4rd f\u00f6rutom rentjuren.<br \/>\n____________________<br \/>\nMycket har avhandlats i domstol p\u00e5 senare tid om jakt- och fisker\u00e4ttigheter i fj\u00e4llen. H\u00e4r <a HREF=\"https:\/\/www.domstol.se\/nyheter\/2020\/01\/girjas-sameby--men-inte-staten--har-ratt-att-upplata-smaviltsjakt-och-fiske-pa-samebyns-byomrade-ovanfor-odlingsgransen\/\">HD:s utslag om Girjas samebys r\u00e4ttigheter till jakt och fiske<\/a>. Detta b\u00f6r inte drabba Holm\u00f6n, men varf\u00f6r f\u00f6ljs inte lagen n\u00e4r det g\u00e4ller vinterbetesomr\u00e5dena eller egentligen reservbetesomr\u00e5dena? Ingen vill ha en infekterad konflikt om samernas r\u00e4ttigheter som ursprungsbefolkning men l\u00e4get p\u00e5 Holm\u00f6n underl\u00e4ttar inte diskussionerna.<br \/>\nSven Nordblad<\/p>\n","protected":false},"excerpt":{"rendered":"<p>Holm\u00f6arna r\u00e4knas som vinterbetesland (1 oktober-30 april) f\u00f6r Rans sameby renar enligt L\u00e4nsstyrelsen V\u00e4sterbottens uppfattning. L\u00e4nsstyrelsen anser ocks\u00e5 att &#8221;Rans sameby har en skyldighet att flytta d\u00e4rifr\u00e5n alla renar efter vinterbetesperiodens slut&#8221;. Uppdatering 2020-05-07 N\u00e5, s\u00e5 hur blev det d\u00e5. H\u00e4r en bild fr\u00e5n \u00c4nges\u00f6bron<\/p>\n","protected":false},"author":1,"featured_media":0,"comment_status":"closed","ping_status":"closed","sticky":false,"template":"","format":"standard","meta":{"footnotes":""},"categories":[11],"tags":[],"class_list":["post-7419","post","type-post","status-publish","format-standard","hentry","category-10-renar"],"_links":{"self":[{"href":"https:\/\/holmon.info\/index.php?rest_route=\/wp\/v2\/posts\/7419","targetHints":{"allow":["GET"]}}],"collection":[{"href":"https:\/\/holmon.info\/index.php?rest_route=\/wp\/v2\/posts"}],"about":[{"href":"https:\/\/holmon.info\/index.php?rest_route=\/wp\/v2\/types\/post"}],"author":[{"embeddable":true,"href":"https:\/\/holmon.info\/index.php?rest_route=\/wp\/v2\/users\/1"}],"replies":[{"embeddable":true,"href":"https:\/\/holmon.info\/index.php?rest_route=%2Fwp%2Fv2%2Fcomments&post=7419"}],"version-history":[{"count":0,"href":"https:\/\/holmon.info\/index.php?rest_route=\/wp\/v2\/posts\/7419\/revisions"}],"wp:attachment":[{"href":"https:\/\/holmon.info\/index.php?rest_route=%2Fwp%2Fv2%2Fmedia&parent=7419"}],"wp:term":[{"taxonomy":"category","embeddable":true,"href":"https:\/\/holmon.info\/index.php?rest_route=%2Fwp%2Fv2%2Fcategories&post=7419"},{"taxonomy":"post_tag","embeddable":true,"href":"https:\/\/holmon.info\/index.php?rest_route=%2Fwp%2Fv2%2Ftags&post=7419"}],"curies":[{"name":"wp","href":"https:\/\/api.w.org\/{rel}","templated":true}]}}