{"id":7771,"date":"2021-10-17T01:49:37","date_gmt":"2021-10-16T23:49:37","guid":{"rendered":"http:\/\/www.holmon.info\/?p=7771"},"modified":"2021-10-17T01:49:37","modified_gmt":"2021-10-16T23:49:37","slug":"upp-till-bevis","status":"publish","type":"post","link":"https:\/\/holmon.info\/?p=7771","title":{"rendered":"Upp till bevis"},"content":{"rendered":"<p><a HREF=\"https:\/\/www.vk.se\/2021-10-16\/nystart-for-att-hitta-en-losning-for-holmotrafiken\">VK 2021-10-17<\/a><br \/>\n<a href=\"wp\/wp-content\/uploads\/2021\/10\/Screenshot_2021-10-17-Nystarten-Vill-hitta-en-l\u00f6sning-p\u00e5-trafikstrulet.png\"><img decoding=\"async\" src=\"wp\/wp-content\/uploads\/2021\/10\/Screenshot_2021-10-17-Nystarten-Vill-hitta-en-l\u00f6sning-p\u00e5-trafikstrulet-550.jpeg\" alt=\"\" class=\"alignnone size-medium wp-image-7772\" \/><\/a><br \/>\n<strong>Ume\u00e5 kommun, Region V\u00e4sterbotten och Trafikverket ska gemensamt hitta en l\u00e5ngsiktig l\u00f6sning f\u00f6r Holm\u00f6trafiken. Regeringsbeslutet fr\u00e5n 2007 har tj\u00e4nat ut sin roll.<\/strong><br \/>\nP\u00e5 fredagen h\u00f6lls det m\u00f6te om Holm\u00f6trafiken som infrastrukturminister Tomas Eneroth (S) bj\u00f6d in till redan i somras, men som d\u00e5 fick st\u00e4llas in p\u00e5 grund av regeringskrisen.<br \/>\n\u2013 Jag har ju sagt innan att vi inte kan ha en ordning d\u00e4r akt\u00f6rerna skyller p\u00e5 varandra och jag m\u00e5ste s\u00e4ga att slutsatsen av dagens m\u00f6te var snarare att akt\u00f6rerna s\u00e4ger att nu har vi ett gemensamt ansvar, s\u00e4ger Tomas Eneroth.<br \/>\nUnder landsh\u00f6vding Helene Hellmark Knutssons ledning ska nu Ume\u00e5 kommun, Region V\u00e4sterbotten och Trafikverket gemensamt arbeta med att titta p\u00e5 ett antal m\u00f6jliga l\u00f6sningar.<br \/>\n\u2013 Det var ett positivt m\u00f6te, inte minst f\u00f6r Holm\u00f6borna. Jag tycker det \u00e4r viktigt att vi s\u00e4kerst\u00e4ller bra och trygga f\u00f6rbindelser f\u00f6r de boende p\u00e5 Holm\u00f6n \u00e5ret runt och att vi naturligtvis ocks\u00e5 kan klara av de \u00f6nskem\u00e5l som finns f\u00f6r bes\u00f6ksn\u00e4ringen under sommaren.<br \/>\nTomas Eneroth anser att uppg\u00f6relsen fr\u00e5n 2007 \u00e4r f\u00f6r\u00e5ldrad. Han upplever att det nu finns en nystart i diskussionerna.<br \/>\n\u2013 Jag tror inte att utg\u00e5ngspunkten \u00e4r 2007 \u00e5rs avtal, det \u00e4r obsolet enligt min bed\u00f6mning, utan h\u00e4r handlar det om att utifr\u00e5n dagens l\u00e4ge hitta en bra l\u00e5ngsiktig l\u00f6sning f\u00f6r en trafik med Holm\u00f6n. Jag \u00e4r v\u00e4ldigt glad \u00f6ver att alla akt\u00f6rerna utlovade ett starkt engagemang i detta.<br \/>\nFinansieringen l\u00e4r det bli diskussioner om. Vem ska betala f\u00f6r vad som nu ska g\u00f6ras?<br \/>\n\u2013 D\u00e4r \u00e4r det redan i dag s\u00e5 att Trafikverket l\u00e4gger avsev\u00e4rda resurser, det \u00e4r mellan 14 och 15 miljoner kronor \u00e5rligen, f\u00f6r att trygga trafiken mellan Holm\u00f6n och fastlandet. Men det \u00e4r klart, om en mer l\u00e5ngsiktig l\u00f6sning kr\u00e4ver andra typer av insatser s\u00e5 blir det d\u00e5 ett gemensamt ansvar f\u00f6r alla akt\u00f6rer, och det \u00e4r det som man nu har f\u00f6rbundit sig att titta p\u00e5 tillsammans. Jag vill inte n\u00e4rmare g\u00e5 in p\u00e5 hur, utan det t\u00e4nker jag att akt\u00f6rerna ska ha kommit en bit p\u00e5 v\u00e4gen innan det redovisas.<br \/>\nSka de avrapportera det h\u00e4r till regeringen?<br \/>\n\u2013 Jag kommer att f\u00f6lja upp det h\u00e4r, var s\u00e5 s\u00e4ker. Jag tycker att det h\u00e4r \u00e4r ett ansvar man ska ta regionalt och jag \u00e4r mycket n\u00f6jd med att man nu har sagt det och gett mig det tydliga beskedet fr\u00e5n alla ing\u00e5ende akt\u00f6rer. Det h\u00e4r b\u00f6r man kunna reda ut regionalt, men jag kommer att f\u00f6lja fr\u00e5gan och naturligtvis ocks\u00e5, om det skulle beh\u00f6vas, vara behj\u00e4lplig om det kr\u00e4vs mer regel\u00e4ndringar eller annat f\u00f6r att hitta en l\u00e5ngsiktig l\u00f6sning.<br \/>\n<a href=\"wp\/wp-content\/uploads\/2021\/10\/Screenshot_2021-10-17-Nystarten-Vill-hitta-en-l\u00f6sning-p\u00e5-trafikstrulet-1.png\"><img decoding=\"async\" src=\"wp\/wp-content\/uploads\/2021\/10\/Screenshot_2021-10-17-Nystarten-Vill-hitta-en-l\u00f6sning-p\u00e5-trafikstrulet-1-550.jpeg\" alt=\"\" class=\"alignnone size-medium wp-image-7773\" \/><\/a><br \/>\n__________________________________________<br \/>\n<a HREF=\"https:\/\/www.holmon.info\/?p=6968\">Holm\u00f6f\u00e4rjan Capella i sj\u00f6n\u00f6d<\/a><br \/>\n<a HREF=\"https:\/\/www.holmon.info\/?p=7677\">Trafikverkets magplask i br\u00e4ckt vatten<\/a><br \/>\n<a HREF=\"https:\/\/www.holmon.info\/?p=7696\">Bara prat hj\u00e4lper inte Holm\u00f6borna<\/a><br \/>\n<a HREF=\"https:\/\/www.holmon.info\/?p=7253\">Holm\u00f6leden &#8211; F\u00f6rhandlingsuppg\u00f6relsen 2007<\/a><\/p>\n","protected":false},"excerpt":{"rendered":"<p>VK 2021-10-17 Ume\u00e5 kommun, Region V\u00e4sterbotten och Trafikverket ska gemensamt hitta en l\u00e5ngsiktig l\u00f6sning f\u00f6r Holm\u00f6trafiken. Regeringsbeslutet fr\u00e5n 2007 har tj\u00e4nat ut sin roll. P\u00e5 fredagen h\u00f6lls det m\u00f6te om Holm\u00f6trafiken som infrastrukturminister Tomas Eneroth (S) bj\u00f6d in till redan i somras, men som d\u00e5<\/p>\n","protected":false},"author":1,"featured_media":0,"comment_status":"closed","ping_status":"closed","sticky":false,"template":"","format":"standard","meta":{"footnotes":""},"categories":[15],"tags":[],"class_list":["post-7771","post","type-post","status-publish","format-standard","hentry","category-14-holmoleden"],"_links":{"self":[{"href":"https:\/\/holmon.info\/index.php?rest_route=\/wp\/v2\/posts\/7771","targetHints":{"allow":["GET"]}}],"collection":[{"href":"https:\/\/holmon.info\/index.php?rest_route=\/wp\/v2\/posts"}],"about":[{"href":"https:\/\/holmon.info\/index.php?rest_route=\/wp\/v2\/types\/post"}],"author":[{"embeddable":true,"href":"https:\/\/holmon.info\/index.php?rest_route=\/wp\/v2\/users\/1"}],"replies":[{"embeddable":true,"href":"https:\/\/holmon.info\/index.php?rest_route=%2Fwp%2Fv2%2Fcomments&post=7771"}],"version-history":[{"count":0,"href":"https:\/\/holmon.info\/index.php?rest_route=\/wp\/v2\/posts\/7771\/revisions"}],"wp:attachment":[{"href":"https:\/\/holmon.info\/index.php?rest_route=%2Fwp%2Fv2%2Fmedia&parent=7771"}],"wp:term":[{"taxonomy":"category","embeddable":true,"href":"https:\/\/holmon.info\/index.php?rest_route=%2Fwp%2Fv2%2Fcategories&post=7771"},{"taxonomy":"post_tag","embeddable":true,"href":"https:\/\/holmon.info\/index.php?rest_route=%2Fwp%2Fv2%2Ftags&post=7771"}],"curies":[{"name":"wp","href":"https:\/\/api.w.org\/{rel}","templated":true}]}}