{"id":7792,"date":"2021-12-03T15:26:18","date_gmt":"2021-12-03T14:26:18","guid":{"rendered":"http:\/\/www.holmon.info\/?p=7792"},"modified":"2021-12-03T15:26:18","modified_gmt":"2021-12-03T14:26:18","slug":"framtid-for-holmotrafiken","status":"publish","type":"post","link":"https:\/\/holmon.info\/?p=7792","title":{"rendered":"Framtiden f\u00f6r Holm\u00f6trafiken &#8211; ett f\u00f6rslag"},"content":{"rendered":"<p><a href=\"wp\/wp-content\/uploads\/2021\/12\/190423_Byviken.jpg\"><img decoding=\"async\" src=\"wp\/wp-content\/uploads\/2021\/12\/190423_Byviken_550.jpg\" alt=\"\"  class=\"alignnone size-medium wp-image-7794\" \/><\/a><br \/>\n<em>Byviken. Godk\u00e4nd f\u00f6r spridning tillst\u00e5nd LM2021\/046704. Foto Erik Nordblad<\/em><br \/>\n<strong>Holm\u00f6n den 28 november 2021<br \/>\n\u00d6ppet brev till<br \/>\nLandsh\u00f6vdingen I V\u00e4sterbotten<br \/>\nTrafikverket, Region Norr, Lule\u00e5<br \/>\nRegion V\u00e4sterbotten<br \/>\nUme\u00e5 kommun<br \/>\nF\u00f6r att trafiken till Holm\u00f6n skall fungera p\u00e5 ett tillfredst\u00e4llande s\u00e4tt \u00e5ret runt kr\u00e4vs att ansvariga beslutsfattare b\u00f6rjar inse att man f\u00f6rst som sist m\u00e5ste acceptera att trafiken till Holm\u00f6n kr\u00e4ver anpassning till de omst\u00e4ndigheter som omger oss p\u00e5 Holm\u00f6leden.<br \/>\n\tVid en tillbakablick p\u00e5 de f\u00e4rjor som k\u00f6pts och byggts f\u00f6r trafik p\u00e5 leden visar det sig att ingen av dom har m\u00f6tt de f\u00f6ruts\u00e4ttningar som finns f\u00f6r trafik p\u00e5 leden. De anskaffade f\u00e4rjorna har i st\u00e4llet m\u00f6tt ekonomiska krav som beslutsfattarna satt upp, d\u00e4r ingen h\u00e4nsyn tagits f\u00f6r att f\u00e5 en  fungerande \u00e5ret runt trafik.<br \/>\n\tAtt nu \u201cnya kvastar\u201d har b\u00f6rjat sitt arbete f\u00f6r att f\u00f6rhoppningsvis finna en v\u00e4g till en fungerande \u00e5ret runt trafik till Holm\u00f6n ser vi som mycket positivt. Nedan f\u00f6ljer kortfattad sammanst\u00e4llning av vad som b\u00f6r styra beslut om en framtida trafik.<\/strong><br \/>\n<a href=\"wp\/wp-content\/uploads\/2021\/12\/20211128-Oppet-brev-Landshovdingen.pdf\">20211128 \u00d6ppet brev till Landsh\u00f6vdingen med flera<\/a><br \/>\n<a href=\"wp\/wp-content\/uploads\/2021\/12\/20211130-VK-Ny-farja-artikel.pdf\">20211130 VK Uppf\u00f6ljande artikel<\/a><br \/>\nThorbj\u00f6rn Lindberg<br \/>\n070-5563540<\/p>\n","protected":false},"excerpt":{"rendered":"<p>Byviken. Godk\u00e4nd f\u00f6r spridning tillst\u00e5nd LM2021\/046704. Foto Erik Nordblad Holm\u00f6n den 28 november 2021 \u00d6ppet brev till Landsh\u00f6vdingen I V\u00e4sterbotten Trafikverket, Region Norr, Lule\u00e5 Region V\u00e4sterbotten Ume\u00e5 kommun F\u00f6r att trafiken till Holm\u00f6n skall fungera p\u00e5 ett tillfredst\u00e4llande s\u00e4tt \u00e5ret runt kr\u00e4vs att ansvariga beslutsfattare<\/p>\n","protected":false},"author":1,"featured_media":0,"comment_status":"closed","ping_status":"closed","sticky":false,"template":"","format":"standard","meta":{"footnotes":""},"categories":[15],"tags":[],"class_list":["post-7792","post","type-post","status-publish","format-standard","hentry","category-14-holmoleden"],"_links":{"self":[{"href":"https:\/\/holmon.info\/index.php?rest_route=\/wp\/v2\/posts\/7792","targetHints":{"allow":["GET"]}}],"collection":[{"href":"https:\/\/holmon.info\/index.php?rest_route=\/wp\/v2\/posts"}],"about":[{"href":"https:\/\/holmon.info\/index.php?rest_route=\/wp\/v2\/types\/post"}],"author":[{"embeddable":true,"href":"https:\/\/holmon.info\/index.php?rest_route=\/wp\/v2\/users\/1"}],"replies":[{"embeddable":true,"href":"https:\/\/holmon.info\/index.php?rest_route=%2Fwp%2Fv2%2Fcomments&post=7792"}],"version-history":[{"count":0,"href":"https:\/\/holmon.info\/index.php?rest_route=\/wp\/v2\/posts\/7792\/revisions"}],"wp:attachment":[{"href":"https:\/\/holmon.info\/index.php?rest_route=%2Fwp%2Fv2%2Fmedia&parent=7792"}],"wp:term":[{"taxonomy":"category","embeddable":true,"href":"https:\/\/holmon.info\/index.php?rest_route=%2Fwp%2Fv2%2Fcategories&post=7792"},{"taxonomy":"post_tag","embeddable":true,"href":"https:\/\/holmon.info\/index.php?rest_route=%2Fwp%2Fv2%2Ftags&post=7792"}],"curies":[{"name":"wp","href":"https:\/\/api.w.org\/{rel}","templated":true}]}}